{"id":1208,"date":"2016-08-26T13:52:00","date_gmt":"2016-08-26T11:52:00","guid":{"rendered":""},"modified":"2018-11-06T19:03:19","modified_gmt":"2018-11-06T18:03:19","slug":"1208","status":"publish","type":"post","link":"https:\/\/lafillerenne.fr\/blog\/1208\/","title":{"rendered":"Livre Life on film, vol. 1"},"content":{"rendered":"<p><img decoding=\"async\" src=\"\/blog\/wp-content\/uploads\/o\/couverture.jpg\" alt=\"\" \/><\/p>\n<p>Voil\u00e0 je suis hyper fi\u00e8re de vous montrer aujourd&#8217;hui mon premier livre auto-\u00e9dit\u00e9, <em>Life on film, vol. 1<\/em>.<br \/>\nC&#8217;est un portfolio de 112 pages qui regroupe des photos argentiques de vie quotidienne, voyages et shootings, prises entre 2012 et 2016.<\/p>\n<p>J&#8217;ai choisi de passer par le site Blurb parce que j&#8217;aime la qualit\u00e9 de leurs produits, et que \u00e7a me permettait d&#8217;\u00e9diter sans investir d&#8217;argent ou de passer par un crowdfunding. J&#8217;ai re\u00e7u mon exemplaire et je suis hyper satisfaite de la qualit\u00e9, du papier et du format, je ne regrette vraiment pas.<\/p>\n<p>Dans l&#8217;id\u00e9al d&#8217;autres volumes devraient suivre (un par an serait parfait), mais pour l&#8217;instant je planche sur un autre produit, qui, je l&#8217;esp\u00e8re, pourra vous \u00eatre pr\u00e9sent\u00e9 d&#8217;ici quelques semaines\/mois.<\/p>\n<p>Vous pouvez <a href=\"http:\/\/www.blurb.fr\/b\/7285546-life-on-film\">vous le procurer ici<\/a> et j&#8217;esp\u00e8re vraiment qu&#8217;il vous plaira \ud83d\ude42 !<\/p>\n<p><img decoding=\"async\" src=\"\/blog\/wp-content\/uploads\/o\/book1.jpg\" alt=\"\" \/><\/p>\n<p><img decoding=\"async\" src=\"\/blog\/wp-content\/uploads\/o\/book4.jpg\" alt=\"\" \/><\/p>\n<p><img decoding=\"async\" src=\"\/blog\/wp-content\/uploads\/o\/book5.jpg\" alt=\"\" \/><\/p>\n<p><img decoding=\"async\" src=\"\/blog\/wp-content\/uploads\/o\/book6.jpg\" alt=\"\" \/><\/p>\n<p><img decoding=\"async\" src=\"\/blog\/wp-content\/uploads\/o\/book7.jpg\" alt=\"\" \/><\/p>\n<p><img decoding=\"async\" src=\"\/blog\/wp-content\/uploads\/o\/book8.jpg\" alt=\"\" \/><\/p>\n<p><img decoding=\"async\" src=\"\/blog\/wp-content\/uploads\/o\/book9.jpg\" alt=\"\" \/><\/p>\n","protected":false},"excerpt":{"rendered":"<p>Voil\u00e0 je suis hyper fi\u00e8re de vous montrer aujourd&#8217;hui mon premier livre auto-\u00e9dit\u00e9, Life on film, vol. 1. C&#8217;est un portfolio de 112 pages qui regroupe des photos argentiques de vie quotidienne, voyages et shootings, prises entre 2012 et 2016. J&#8217;ai choisi de passer par le site Blurb parce que j&#8217;aime la qualit\u00e9 de leurs &hellip; <\/p>\n<p class=\"link-more\"><a href=\"https:\/\/lafillerenne.fr\/blog\/1208\/\" class=\"more-link\">Continuer la lecture<span class=\"screen-reader-text\"> de &laquo;&nbsp;Livre Life on film, vol. 1&nbsp;&raquo;<\/span><\/a><\/p>\n","protected":false},"author":1,"featured_media":0,"comment_status":"open","ping_status":"open","sticky":false,"template":"","format":"standard","meta":{"footnotes":""},"categories":[27],"tags":[],"jetpack_featured_media_url":"","_links":{"self":[{"href":"https:\/\/lafillerenne.fr\/blog\/wp-json\/wp\/v2\/posts\/1208"}],"collection":[{"href":"https:\/\/lafillerenne.fr\/blog\/wp-json\/wp\/v2\/posts"}],"about":[{"href":"https:\/\/lafillerenne.fr\/blog\/wp-json\/wp\/v2\/types\/post"}],"author":[{"embeddable":true,"href":"https:\/\/lafillerenne.fr\/blog\/wp-json\/wp\/v2\/users\/1"}],"replies":[{"embeddable":true,"href":"https:\/\/lafillerenne.fr\/blog\/wp-json\/wp\/v2\/comments?post=1208"}],"version-history":[{"count":1,"href":"https:\/\/lafillerenne.fr\/blog\/wp-json\/wp\/v2\/posts\/1208\/revisions"}],"predecessor-version":[{"id":1739,"href":"https:\/\/lafillerenne.fr\/blog\/wp-json\/wp\/v2\/posts\/1208\/revisions\/1739"}],"wp:attachment":[{"href":"https:\/\/lafillerenne.fr\/blog\/wp-json\/wp\/v2\/media?parent=1208"}],"wp:term":[{"taxonomy":"category","embeddable":true,"href":"https:\/\/lafillerenne.fr\/blog\/wp-json\/wp\/v2\/categories?post=1208"},{"taxonomy":"post_tag","embeddable":true,"href":"https:\/\/lafillerenne.fr\/blog\/wp-json\/wp\/v2\/tags?post=1208"}],"curies":[{"name":"wp","href":"https:\/\/api.w.org\/{rel}","templated":true}]}}