{"id":1218,"date":"2016-09-14T11:34:00","date_gmt":"2016-09-14T11:34:00","guid":{"rendered":""},"modified":"2016-09-14T11:34:00","modified_gmt":"2016-09-14T11:34:00","slug":"1218","status":"publish","type":"post","link":"https:\/\/lafillerenne.fr\/blog\/1218\/","title":{"rendered":"25 yo"},"content":{"rendered":"<p>Un essai avec une Fuji Reala 100 p\u00e9rim\u00e9e depuis 25 ans. Je l&#8217;ai expos\u00e9e comme une 50 ISO, c&#8217;est tout de m\u00eame sous-expos\u00e9e mais j&#8217;aime ce genre d&#8217;essais impr\u00e9visibles.<\/p>\n<p><img decoding=\"async\" src=\"\/blog\/wp-content\/uploads\/o\/2016-09-13_033.jpg\" alt=\"\" \/><\/p>\n<p><img decoding=\"async\" src=\"\/blog\/wp-content\/uploads\/o\/2016-09-13_035.jpg\" alt=\"\" \/><\/p>\n<p><img decoding=\"async\" src=\"\/blog\/wp-content\/uploads\/o\/2016-09-13_036.jpg\" alt=\"\" \/><\/p>\n<p><img decoding=\"async\" src=\"\/blog\/wp-content\/uploads\/o\/2016-09-13_037.jpg\" alt=\"\" \/><\/p>\n<p><img decoding=\"async\" src=\"\/blog\/wp-content\/uploads\/o\/2016-09-13_039.jpg\" alt=\"\" \/><\/p>\n<p><img decoding=\"async\" src=\"\/blog\/wp-content\/uploads\/o\/2016-09-13_040.jpg\" alt=\"\" \/><\/p>\n<p><img decoding=\"async\" src=\"\/blog\/wp-content\/uploads\/o\/2016-09-13_045.jpg\" alt=\"\" \/><\/p>\n<p><img decoding=\"async\" src=\"\/blog\/wp-content\/uploads\/o\/2016-09-13_047.jpg\" alt=\"\" \/><\/p>\n<p><img decoding=\"async\" src=\"\/blog\/wp-content\/uploads\/o\/2016-09-13_048.jpg\" alt=\"\" \/><\/p>\n<p><img decoding=\"async\" src=\"\/blog\/wp-content\/uploads\/o\/2016-09-13_051.jpg\" alt=\"\" \/><\/p>\n<p><img decoding=\"async\" src=\"\/blog\/wp-content\/uploads\/o\/2016-09-13_052.jpg\" alt=\"\" \/><\/p>\n<p><img decoding=\"async\" src=\"\/blog\/wp-content\/uploads\/o\/2016-09-13_053.jpg\" alt=\"\" \/><\/p>\n<p><img decoding=\"async\" src=\"\/blog\/wp-content\/uploads\/o\/2016-09-13_057.jpg\" alt=\"\" \/><\/p>\n<p><em>Minolta SRT-303b + film Fuji Reala 100 p\u00e9rim\u00e9<\/em><\/p>\n","protected":false},"excerpt":{"rendered":"<p>Un essai avec une Fuji Reala 100 p\u00e9rim\u00e9e depuis 25 ans. Je l&#8217;ai expos\u00e9e comme une 50 ISO, c&#8217;est tout de m\u00eame sous-expos\u00e9e mais j&#8217;aime ce genre d&#8217;essais impr\u00e9visibles. Minolta SRT-303b + film Fuji Reala 100 p\u00e9rim\u00e9<\/p>\n","protected":false},"author":1,"featured_media":0,"comment_status":"open","ping_status":"open","sticky":false,"template":"","format":"standard","meta":{"footnotes":""},"categories":[11],"tags":[],"jetpack_featured_media_url":"","_links":{"self":[{"href":"https:\/\/lafillerenne.fr\/blog\/wp-json\/wp\/v2\/posts\/1218"}],"collection":[{"href":"https:\/\/lafillerenne.fr\/blog\/wp-json\/wp\/v2\/posts"}],"about":[{"href":"https:\/\/lafillerenne.fr\/blog\/wp-json\/wp\/v2\/types\/post"}],"author":[{"embeddable":true,"href":"https:\/\/lafillerenne.fr\/blog\/wp-json\/wp\/v2\/users\/1"}],"replies":[{"embeddable":true,"href":"https:\/\/lafillerenne.fr\/blog\/wp-json\/wp\/v2\/comments?post=1218"}],"version-history":[{"count":0,"href":"https:\/\/lafillerenne.fr\/blog\/wp-json\/wp\/v2\/posts\/1218\/revisions"}],"wp:attachment":[{"href":"https:\/\/lafillerenne.fr\/blog\/wp-json\/wp\/v2\/media?parent=1218"}],"wp:term":[{"taxonomy":"category","embeddable":true,"href":"https:\/\/lafillerenne.fr\/blog\/wp-json\/wp\/v2\/categories?post=1218"},{"taxonomy":"post_tag","embeddable":true,"href":"https:\/\/lafillerenne.fr\/blog\/wp-json\/wp\/v2\/tags?post=1218"}],"curies":[{"name":"wp","href":"https:\/\/api.w.org\/{rel}","templated":true}]}}