{"id":1267,"date":"2016-12-23T08:16:00","date_gmt":"2016-12-23T08:16:00","guid":{"rendered":""},"modified":"2016-12-23T08:16:00","modified_gmt":"2016-12-23T08:16:00","slug":"1267","status":"publish","type":"post","link":"https:\/\/lafillerenne.fr\/blog\/1267\/","title":{"rendered":"Felis catus"},"content":{"rendered":"<p>Je n&#8217;ai pas pu poster sur de l&#8217;ost\u00e9o ou de la bio depuis f\u00e9vrier, mais j&#8217;ai bien envie de vous refaire quelques posts sur le sujet, et donc quoi de mieux que de commencer en vous montrant les derni\u00e8res pi\u00e8ces que j&#8217;ai acquises ou pr\u00e9par\u00e9es avec des chats. Comme toujours, je d\u00e9conseille aux gens sensibles de d\u00e9rouler ce post.<\/p>\n<p>Vue d&#8217;ensemble de dix ans d&#8217;accumulation pour cette seule esp\u00e8ce :<\/p>\n<p><img decoding=\"async\" src=\"\/blog\/wp-content\/uploads\/o\/osteo\/catus_ensemble.jpg\" alt=\"catus_ensemble.jpg\" \/><\/p>\n<p><img decoding=\"async\" src=\"\/blog\/wp-content\/uploads\/o\/osteo\/catus_cranes1.jpg\" alt=\"catus_ensemble.jpg\" \/><\/p>\n<p><img decoding=\"async\" src=\"\/blog\/wp-content\/uploads\/o\/osteo\/catus_cranes2.jpg\" alt=\"catus_ensemble.jpg\" \/><\/p>\n<p>Deux f\u0153tus \u00e0 diff\u00e9rents stades de d\u00e9veloppement :<\/p>\n<p><img decoding=\"async\" src=\"\/blog\/wp-content\/uploads\/o\/osteo\/catus_alcool2.jpg\" alt=\"catus_ensemble.jpg\" \/><\/p>\n<p>Un nouveau sp\u00e9cimen en alcool, mort rapidement apr\u00e8s la naissance (\u00e0 gauche &#8211; merci Valentine) :<\/p>\n<p><img decoding=\"async\" src=\"\/blog\/wp-content\/uploads\/o\/osteo\/catus_alcool1.jpg\" alt=\"catus_ensemble.jpg\" \/><\/p>\n<p>Un cr\u00e2ne, trouv\u00e9 apr\u00e8s une crue du Lez (j&#8217;avais d\u00e9j\u00e0 trouv\u00e9 un cr\u00e2ne d&#8217;immature dans les m\u00eames conditions, que je vous avais pr\u00e9sent\u00e9 <a href=\"\/blog\/1267\">dans un post en 2014<\/a>) :<\/p>\n<p><img decoding=\"async\" src=\"\/blog\/wp-content\/uploads\/o\/osteo\/chat.jpg\" alt=\"catus_ensemble.jpg\" \/><\/p>\n<p>Depuis le dernier squelette que j&#8217;ai nettoy\u00e9 et que <a href=\"\/blog\/1267\">je vous ai montr\u00e9 en 2013<\/a> (!!!), j&#8217;en ai nettoy\u00e9 six autres, que je vais vous pr\u00e9senter rapidement.<\/p>\n<p><ins><strong>#1:<br \/><\/strong><\/ins><br \/>Il s&#8217;agit d&#8217;un chat pas tout \u00e0 fait adulte, trouv\u00e9 tel quel en bord de route. Je n&#8217;ai rien de particulier \u00e0 dire\/montrer sur celui-ci \u00e0 part une omoplate fractur\u00e9e.<\/p>\n<p><img decoding=\"async\" src=\"\/blog\/wp-content\/uploads\/o\/osteo\/catus273_1.jpg\" alt=\"catus_ensemble.jpg\" \/><\/p>\n<p><img decoding=\"async\" src=\"\/blog\/wp-content\/uploads\/o\/osteo\/catus273_2.jpg\" alt=\"catus_ensemble.jpg\" \/><\/p>\n<p><ins><strong>#2:<\/p>\n<p><\/strong><\/ins>Il s&#8217;agit d&#8217;un jeune adulte m\u00e2le, trouv\u00e9 tu\u00e9 sur la route frais que j&#8217;ai nettoy\u00e9 (trouv\u00e9 bien sur sans puce, sans tatouage, non castr\u00e9 et aucune trace de lui sur les sites d&#8217;annonces d&#8217;animaux perdus). C&#8217;est un chouette sp\u00e9cimen qui n&#8217;a rien de particulier non plus, \u00e0 part une c\u00f4te tordue (en gros plan plus bas). Un bout du bassin est bris\u00e9.<\/p>\n<p><img decoding=\"async\" src=\"\/blog\/wp-content\/uploads\/o\/osteo\/catus293_1.jpg\" alt=\"catus_ensemble.jpg\" \/><\/p>\n<p><img decoding=\"async\" src=\"\/blog\/wp-content\/uploads\/o\/osteo\/catus293_2.jpg\" alt=\"catus_ensemble.jpg\" \/><\/p>\n<p><img decoding=\"async\" src=\"\/blog\/wp-content\/uploads\/o\/osteo\/catus293_3.jpg\" alt=\"catus_ensemble.jpg\" \/><\/p>\n<p><ins><strong>#3:<\/strong><\/ins><\/p>\n<p>Il s&#8217;agit d&#8217;un m\u00e2le adulte, trouv\u00e9 tu\u00e9 sur la route <a href=\"https:\/\/www.flickr.com\/photos\/cecileb\/14533905346\/\">presque momifi\u00e9<\/a> que j&#8217;ai<br \/>\nnettoy\u00e9 (encore une fois trouv\u00e9 sans puce, sans tatouage, non castr\u00e9, dans une zone industrielle et aucune<br \/>\ntrace de lui sur les sites d&#8217;annonces d&#8217;animaux perdus). Des photos du remontage :<\/p>\n<p><img decoding=\"async\" src=\"\/blog\/wp-content\/uploads\/o\/osteo\/catus307_1.jpg\" alt=\"catus_ensemble.jpg\" \/><\/p>\n<p>Le cr\u00e2ne a litt\u00e9ralement explos\u00e9 sous le choc avec un v\u00e9hicule :<\/p>\n<p><img decoding=\"async\" src=\"\/blog\/wp-content\/uploads\/o\/osteo\/catus307_2.jpg\" alt=\"catus_ensemble.jpg\" \/><\/p>\n<p>D&#8217;autres os ont \u00e9t\u00e9 abim\u00e9s : une omoplate est fractur\u00e9e, bassin bris\u00e9, etc. Les os de ses membres sont particuli\u00e8rement courts :<\/p>\n<p><img decoding=\"async\" src=\"\/blog\/wp-content\/uploads\/o\/osteo\/catus307_3.jpg\" alt=\"catus_ensemble.jpg\" \/><\/p>\n<p><img decoding=\"async\" src=\"\/blog\/wp-content\/uploads\/o\/osteo\/catus307_4.jpg\" alt=\"catus_ensemble.jpg\" \/><\/p>\n<p><img decoding=\"async\" src=\"\/blog\/wp-content\/uploads\/o\/osteo\/catus307_5.jpg\" alt=\"catus_ensemble.jpg\" \/><\/p>\n<p>J&#8217;ai r\u00e9ussi \u00e0 ne pas perdre toutes les parties du hyo\u00efde au nettoyage :<\/p>\n<p><img decoding=\"async\" src=\"\/blog\/wp-content\/uploads\/o\/osteo\/catus307_6.jpg\" alt=\"catus_ensemble.jpg\" \/><\/p>\n<p>Certains cartilages costaux ce sont ossifi\u00e9s :<\/p>\n<p><img decoding=\"async\" src=\"\/blog\/wp-content\/uploads\/o\/osteo\/catus307_7.jpg\" alt=\"catus_ensemble.jpg\" \/><\/p>\n<p><img decoding=\"async\" src=\"\/blog\/wp-content\/uploads\/o\/osteo\/catus307_8.jpg\" alt=\"catus_ensemble.jpg\" \/><\/p>\n<p>Toutes les dents sup\u00e9rieures droites de devant ont \u00e9t\u00e9 bris\u00e9es (durant le choc ?) :<\/p>\n<p><img decoding=\"async\" src=\"\/blog\/wp-content\/uploads\/o\/osteo\/catus307_9.jpg\" alt=\"catus_ensemble.jpg\" \/><\/p>\n<p>La derni\u00e8re vert\u00e8bre lombaire est soud\u00e9e avec le sacrum \u00e0 droite (\u00e0 gauche, comparaison avec les vert\u00e8bres d&#8217;un autre sp\u00e9cimen) :<\/p>\n<p><img decoding=\"async\" src=\"\/blog\/wp-content\/uploads\/o\/osteo\/catus307_10.jpg\" alt=\"catus_ensemble.jpg\" \/><\/p>\n<p><img decoding=\"async\" src=\"\/blog\/wp-content\/uploads\/o\/osteo\/catus307_11.jpg\" alt=\"catus_ensemble.jpg\" \/><\/p>\n<p><ins><strong>#4:<\/p>\n<p><\/strong><\/ins>Il s&#8217;agit d&#8217;une femelle adulte trouv\u00e9e avec le sp\u00e9cimen pr\u00e9c\u00e9dent (m\u00eames conditions donc). Ce squelette a quelques petites particularit\u00e9s, dont une vert\u00e8bre lombaire en moins que les autres. Le bassin est soud\u00e9, ce qui montre, comme d&#8217;autres marqueurs, que cet animal avait d\u00e9j\u00e0 un certain \u00e2ge.<\/p>\n<p><img decoding=\"async\" src=\"\/blog\/wp-content\/uploads\/o\/osteo\/catus308_10.jpg\" alt=\"catus_ensemble.jpg\" \/><\/p>\n<p>Les petites t\u00e2ches sur le cr\u00e2ne ont \u00e9t\u00e9 laiss\u00e9es par des larves de dermestes. La canine inf\u00e9rieure gauche a \u00e9t\u00e9 bris\u00e9e :<\/p>\n<p><img decoding=\"async\" src=\"\/blog\/wp-content\/uploads\/o\/osteo\/catus308_1.jpg\" alt=\"catus_ensemble.jpg\" \/><\/p>\n<p><img decoding=\"async\" src=\"\/blog\/wp-content\/uploads\/o\/osteo\/catus308_2.jpg\" alt=\"catus_ensemble.jpg\" \/><\/p>\n<p>J&#8217;ai encore une fois r\u00e9ussi \u00e0 ne pas perdre toutes les parties du hyo\u00efde et les mini clavicules au nettoyage :<\/p>\n<p><img decoding=\"async\" src=\"\/blog\/wp-content\/uploads\/o\/osteo\/catus308_3.jpg\" alt=\"catus_ensemble.jpg\" \/><\/p>\n<p>Un fragment d&#8217;os myst\u00e8re :<\/p>\n<p><img decoding=\"async\" src=\"\/blog\/wp-content\/uploads\/o\/osteo\/catus308_4.jpg\" alt=\"catus_ensemble.jpg\" \/><\/p>\n<p>Une petit patho osseuse au niveau des phalanges du doigt IV la patte avant droite :<\/p>\n<p><img decoding=\"async\" src=\"\/blog\/wp-content\/uploads\/o\/osteo\/catus308_5.jpg\" alt=\"catus_ensemble.jpg\" \/><\/p>\n<p>Et du premier m\u00e9tacarpe (celui tout \u00e0 droite sur la photo) :<\/p>\n<p><img decoding=\"async\" src=\"http:\/\/lafillerenne.fr\/blog\/wp-content\/uploads\/o\/osteo\/catus308_7.jpg\" alt=\"catus_ensemble.jpg\" \/><\/p>\n<p>Une vert\u00e8bre de la queue a \u00e9t\u00e9 cass\u00e9e durant la vie de l&#8217;animal et ne s&#8217;est pas ressoud\u00e9e :<\/p>\n<p><img decoding=\"async\" src=\"\/blog\/wp-content\/uploads\/o\/osteo\/catus308_6.jpg\" alt=\"catus_ensemble.jpg\" \/><\/p>\n<p>Encore une petite patho sur l\u2019extr\u00e9mit\u00e9 d&#8217;une c\u00f4te (celle la plus \u00e0 droite) :<\/p>\n<p><img decoding=\"async\" src=\"\/blog\/wp-content\/uploads\/o\/osteo\/catus308_8.jpg\" alt=\"catus_ensemble.jpg\" \/><\/p>\n<p>Une couche de tartre scandaleuse sur cette pr\u00e9molaire :<\/p>\n<p><img decoding=\"async\" src=\"\/blog\/wp-content\/uploads\/o\/osteo\/catus308_9.jpg\" alt=\"catus_ensemble.jpg\" \/><\/p>\n<p><ins><strong>#5:<\/strong><\/ins><\/p>\n<p>Un sp\u00e9cimen assez jeune trouv\u00e9 sous forme de squelette sur une route de campagne. Il a beaucoup de dommages au niveau osseux : cr\u00e2ne, vert\u00e8bre, f\u00e9mur, bassin, hum\u00e9rus, etc.<\/p>\n<p><img decoding=\"async\" src=\"\/blog\/wp-content\/uploads\/o\/osteo\/catus333_2.jpg\" alt=\"catus_ensemble.jpg\" \/><\/p>\n<p><img decoding=\"async\" src=\"\/blog\/wp-content\/uploads\/o\/osteo\/catus333_1.jpg\" alt=\"catus_ensemble.jpg\" \/><\/p>\n<p><ins><strong>#6:<\/strong><\/ins><\/p>\n<p>Un dernier sp\u00e9cimen, adulte, trouv\u00e9 tu\u00e9 sur la route dans un \u00e9tat plus tr\u00e8s frais, que j&#8217;ai<br \/>\nnettoy\u00e9 (encore une fois trouv\u00e9 sans puce, sans tatouage et aucune<br \/>\ntrace de lui sur les sites d&#8217;annonces d&#8217;animaux perdus). Seul le cr\u00e2ne est bris\u00e9, il a du se faire percuter au niveau de la t\u00eate.<\/p>\n<p><img decoding=\"async\" src=\"\/blog\/wp-content\/uploads\/o\/osteo\/catus338_2.jpg\" alt=\"catus_ensemble.jpg\" \/><\/p>\n<p><img decoding=\"async\" src=\"\/blog\/wp-content\/uploads\/o\/osteo\/catus338_1.jpg\" alt=\"catus_ensemble.jpg\" \/><\/p>\n","protected":false},"excerpt":{"rendered":"<p>Je n&#8217;ai pas pu poster sur de l&#8217;ost\u00e9o ou de la bio depuis f\u00e9vrier, mais j&#8217;ai bien envie de vous refaire quelques posts sur le sujet, et donc quoi de mieux que de commencer en vous montrant les derni\u00e8res pi\u00e8ces que j&#8217;ai acquises ou pr\u00e9par\u00e9es avec des chats. Comme toujours, je d\u00e9conseille aux gens sensibles &hellip; <\/p>\n<p class=\"link-more\"><a href=\"https:\/\/lafillerenne.fr\/blog\/1267\/\" class=\"more-link\">Continuer la lecture<span class=\"screen-reader-text\"> de &laquo;&nbsp;Felis catus&nbsp;&raquo;<\/span><\/a><\/p>\n","protected":false},"author":1,"featured_media":0,"comment_status":"open","ping_status":"open","sticky":false,"template":"","format":"standard","meta":{"footnotes":""},"categories":[12],"tags":[],"jetpack_featured_media_url":"","_links":{"self":[{"href":"https:\/\/lafillerenne.fr\/blog\/wp-json\/wp\/v2\/posts\/1267"}],"collection":[{"href":"https:\/\/lafillerenne.fr\/blog\/wp-json\/wp\/v2\/posts"}],"about":[{"href":"https:\/\/lafillerenne.fr\/blog\/wp-json\/wp\/v2\/types\/post"}],"author":[{"embeddable":true,"href":"https:\/\/lafillerenne.fr\/blog\/wp-json\/wp\/v2\/users\/1"}],"replies":[{"embeddable":true,"href":"https:\/\/lafillerenne.fr\/blog\/wp-json\/wp\/v2\/comments?post=1267"}],"version-history":[{"count":0,"href":"https:\/\/lafillerenne.fr\/blog\/wp-json\/wp\/v2\/posts\/1267\/revisions"}],"wp:attachment":[{"href":"https:\/\/lafillerenne.fr\/blog\/wp-json\/wp\/v2\/media?parent=1267"}],"wp:term":[{"taxonomy":"category","embeddable":true,"href":"https:\/\/lafillerenne.fr\/blog\/wp-json\/wp\/v2\/categories?post=1267"},{"taxonomy":"post_tag","embeddable":true,"href":"https:\/\/lafillerenne.fr\/blog\/wp-json\/wp\/v2\/tags?post=1267"}],"curies":[{"name":"wp","href":"https:\/\/api.w.org\/{rel}","templated":true}]}}