{"id":1308,"date":"2017-03-22T08:46:00","date_gmt":"2017-03-22T08:46:00","guid":{"rendered":""},"modified":"2017-03-22T08:46:00","modified_gmt":"2017-03-22T08:46:00","slug":"1308","status":"publish","type":"post","link":"https:\/\/lafillerenne.fr\/blog\/1308\/","title":{"rendered":"Canon EOS 3000N"},"content":{"rendered":"<p><img decoding=\"async\" src=\"\/blog\/wp-content\/uploads\/o\/2017-03-18_029.jpg\" alt=\"\" \/><br \/>\n<em>(Canon AE-1 Program + film Minit Colors 200 p\u00e9rim\u00e9)<\/em><\/p>\n<p>Aujourd&#8217;hui, quelques mots sur un bo\u00eetier de reflex argentique, le <strong>Canon EOS 3000N<\/strong>.<\/p>\n<p>Ce reflex a \u00e9t\u00e9 l&#8217;un des derniers bo\u00eetiers argentiques produits par Canon, entre 2002 et 2004 au Japon. Je ne suis pas fan des reflex tout \u00e9lectroniques et en plastique, mais il a le gros avantage d&#8217;avoir une monture EF (il est compatible avec les objectifs produits actuellement). Au Japon, il est connu sous le nom de Canon EOS 66 et aux \u00c9tats-Unis, de Canon EOS Rebel XS N Date. <\/p>\n<p>Le fait d&#8217;\u00eatre \u00e9lectronique lui apporte plusieurs caract\u00e9ristiques&nbsp;: un mode autofocus, diff\u00e9rents modes pr\u00e9d\u00e9finis (sc\u00e8ne de nuit, paysage, portrait, &#8230;), un retardateur, rembobinage automatique, un mode expositions multiples et un mode anti yeux rouges avec le flash.<\/p>\n<p>Pour un reflex, ce bo\u00eetier et \u00e9tonnamment tr\u00e8s l\u00e9ger, mais bruyant. Avec les modes, il est possible de tout faire en automatique, sans avoir \u00e0 r\u00e9fl\u00e9chir aux r\u00e9glages.<\/p>\n<p>Ma pellicule test est une <a href=\"https:\/\/www.amazon.fr\/s\/ref=as_li_ss_tl?__mk_fr_FR=%C3%85M%C3%85%C5%BD%C3%95%C3%91&amp;url=search-alias=aps&amp;field-keywords=agfa+ct+precisa+100&amp;linkCode=ll2&amp;tag=lafillrenn-21&amp;linkId=649b5c5eafe31f640d6c772d7d5cb11c\">Agfa CT Precisa 100<\/a>. Je l&#8217;ai faite d\u00e9velopper en traitement crois\u00e9 et j&#8217;ai fait subir \u00e0 la chimie un petit traitement exp\u00e9rimental suppl\u00e9mentaire (d&#8217;o\u00f9 le rendu assez psych\u00e9d\u00e9lique). Et j&#8217;ai utilis\u00e9 l&#8217;objectif <a href=\"https:\/\/www.amazon.fr\/Canon-STM-Objectif-Reflex-Noir\/dp\/B00XKSBMQA\/ref=as_li_ss_tl?ie=UTF8&amp;qid=1490175647&amp;sr=8-1&amp;keywords=canon+ef+50mm+f+1.8&amp;linkCode=ll1&amp;tag=lafillrenn-21&amp;linkId=8a3e49a8d00248049a98feb384309ebf\">Canon EF 50mm f\/1.8<\/a> (que j&#8217;utilise sur mon num\u00e9rique habituellement).<\/p>\n<p>Il va falloir que refasse une ou deux pellicules avec (de la couleur classique) pour pouvoir me faire un avis d\u00e9finitif sur ce bo\u00eetier.<\/p>\n<p>Merci aux mod\u00e8les <a href=\"https:\/\/www.facebook.com\/marlene.kambourian.5\">Marl\u00e8ne Kambourian<\/a> et <a href=\"https:\/\/www.facebook.com\/MejikaSetsunai\/\">Mejika Setsunai<\/a>.<\/p>\n<p><img decoding=\"async\" src=\"\/blog\/wp-content\/uploads\/o\/2017-03-01_102.jpg\" alt=\"\" \/><\/p>\n<p><img decoding=\"async\" src=\"\/blog\/wp-content\/uploads\/o\/2017-03-01_103.jpg\" alt=\"\" \/><\/p>\n<p><img decoding=\"async\" src=\"\/blog\/wp-content\/uploads\/o\/2017-03-01_105.jpg\" alt=\"\" \/><\/p>\n<p><img decoding=\"async\" src=\"\/blog\/wp-content\/uploads\/o\/2017-03-01_106.jpg\" alt=\"\" \/><\/p>\n<p><img decoding=\"async\" src=\"\/blog\/wp-content\/uploads\/o\/2017-03-01_107.jpg\" alt=\"\" \/><\/p>\n<p><img decoding=\"async\" src=\"\/blog\/wp-content\/uploads\/o\/2017-03-01_109.jpg\" alt=\"\" \/><\/p>\n<p><img decoding=\"async\" src=\"\/blog\/wp-content\/uploads\/o\/2017-03-01_112.jpg\" alt=\"\" \/><\/p>\n<p><img decoding=\"async\" src=\"\/blog\/wp-content\/uploads\/o\/2017-03-01_113.jpg\" alt=\"\" \/><\/p>\n<p><img decoding=\"async\" src=\"\/blog\/wp-content\/uploads\/o\/2017-03-01_115.jpg\" alt=\"\" \/><\/p>\n<p><img decoding=\"async\" src=\"\/blog\/wp-content\/uploads\/o\/2017-03-01_131.jpg\" alt=\"\" \/><\/p>\n","protected":false},"excerpt":{"rendered":"<p>(Canon AE-1 Program + film Minit Colors 200 p\u00e9rim\u00e9) Aujourd&#8217;hui, quelques mots sur un bo\u00eetier de reflex argentique, le Canon EOS 3000N. Ce reflex a \u00e9t\u00e9 l&#8217;un des derniers bo\u00eetiers argentiques produits par Canon, entre 2002 et 2004 au Japon. Je ne suis pas fan des reflex tout \u00e9lectroniques et en plastique, mais il a &hellip; <\/p>\n<p class=\"link-more\"><a href=\"https:\/\/lafillerenne.fr\/blog\/1308\/\" class=\"more-link\">Continuer la lecture<span class=\"screen-reader-text\"> de &laquo;&nbsp;Canon EOS 3000N&nbsp;&raquo;<\/span><\/a><\/p>\n","protected":false},"author":1,"featured_media":0,"comment_status":"open","ping_status":"open","sticky":false,"template":"","format":"standard","meta":{"footnotes":""},"categories":[11],"tags":[],"jetpack_featured_media_url":"","_links":{"self":[{"href":"https:\/\/lafillerenne.fr\/blog\/wp-json\/wp\/v2\/posts\/1308"}],"collection":[{"href":"https:\/\/lafillerenne.fr\/blog\/wp-json\/wp\/v2\/posts"}],"about":[{"href":"https:\/\/lafillerenne.fr\/blog\/wp-json\/wp\/v2\/types\/post"}],"author":[{"embeddable":true,"href":"https:\/\/lafillerenne.fr\/blog\/wp-json\/wp\/v2\/users\/1"}],"replies":[{"embeddable":true,"href":"https:\/\/lafillerenne.fr\/blog\/wp-json\/wp\/v2\/comments?post=1308"}],"version-history":[{"count":0,"href":"https:\/\/lafillerenne.fr\/blog\/wp-json\/wp\/v2\/posts\/1308\/revisions"}],"wp:attachment":[{"href":"https:\/\/lafillerenne.fr\/blog\/wp-json\/wp\/v2\/media?parent=1308"}],"wp:term":[{"taxonomy":"category","embeddable":true,"href":"https:\/\/lafillerenne.fr\/blog\/wp-json\/wp\/v2\/categories?post=1308"},{"taxonomy":"post_tag","embeddable":true,"href":"https:\/\/lafillerenne.fr\/blog\/wp-json\/wp\/v2\/tags?post=1308"}],"curies":[{"name":"wp","href":"https:\/\/api.w.org\/{rel}","templated":true}]}}