{"id":655,"date":"2014-03-26T16:43:00","date_gmt":"2014-03-26T16:43:00","guid":{"rendered":""},"modified":"2014-03-26T16:43:00","modified_gmt":"2014-03-26T16:43:00","slug":"655","status":"publish","type":"post","link":"https:\/\/lafillerenne.fr\/blog\/655\/","title":{"rendered":"Portraits"},"content":{"rendered":"<p><img decoding=\"async\" src=\"\/blog\/wp-content\/uploads\/o\/self1.jpg\" alt=\"\" \/><\/p>\n<p><img decoding=\"async\" src=\"\/blog\/wp-content\/uploads\/o\/self3.jpg\" alt=\"\" \/><\/p>\n<p><img decoding=\"async\" src=\"\/blog\/wp-content\/uploads\/o\/self2.jpg\" alt=\"\" \/><\/p>\n<p>Aujourd&#8217;hui je voulais f\u00eater mon quart, donc j&#8217;ai d\u00e9cid\u00e9 de partager cette petite s\u00e9rie de photos avec vous.<br \/>\nEt puis la semaine a vraiment bien commenc\u00e9 avec deux publications sur des sites. La premi\u00e8re sur <a href=\"http:\/\/snapitseeit.com\/featured-friday-48\/\">Snap It &#8211; See It<\/a>, site sur la photo instantan\u00e9e, que j&#8217;ai d\u00e9couvert r\u00e9cemment et que je trouve tr\u00e8s bien fait. Et la seconde a \u00e9t\u00e9 choisie par <a href=\"http:\/\/blog.flickr.net\/en\/2014\/03\/25\/flickr10-samplr-day-7-love-passion\/\">Flickr<\/a> pour leur septi\u00e8me th\u00e8me <strong>Love &amp; passion<\/strong>, pour f\u00eater leur dix ans d\u2019existence :<\/p>\n<p><a href=\"http:\/\/snapitseeit.com\/featured-friday-48\/\"><img decoding=\"async\" src=\"\/blog\/wp-content\/uploads\/o\/snapit.jpg\" alt=\"\" \/><\/a><\/p>\n<p><a href=\"http:\/\/blog.flickr.net\/en\/2014\/03\/25\/flickr10-samplr-day-7-love-passion\/\"><img decoding=\"async\" src=\"\/blog\/wp-content\/uploads\/o\/flickr10.jpg\" alt=\"\" \/><\/a><\/p>\n<p>Vous pouvez retrouver les photos originales en cliquant ci-dessous :<\/p>\n<p><a href=\"http:\/\/www.flickr.com\/photos\/cecileb\/12832053555\"><img decoding=\"async\" src=\"http:\/\/farm4.staticflickr.com\/3740\/12832053555_2600f256c9_n.jpg\" alt=\"\" \/><\/a> <a href=\"https:\/\/www.flickr.com\/photos\/cecileb\/8276344071\/\"><img decoding=\"async\" src=\"https:\/\/farm9.staticflickr.com\/8084\/8276344071_5189f52368_n.jpg\" alt=\"\" \/><\/a><\/p>\n","protected":false},"excerpt":{"rendered":"<p>Aujourd&#8217;hui je voulais f\u00eater mon quart, donc j&#8217;ai d\u00e9cid\u00e9 de partager cette petite s\u00e9rie de photos avec vous. Et puis la semaine a vraiment bien commenc\u00e9 avec deux publications sur des sites. La premi\u00e8re sur Snap It &#8211; See It, site sur la photo instantan\u00e9e, que j&#8217;ai d\u00e9couvert r\u00e9cemment et que je trouve tr\u00e8s bien &hellip; <\/p>\n<p class=\"link-more\"><a href=\"https:\/\/lafillerenne.fr\/blog\/655\/\" class=\"more-link\">Continuer la lecture<span class=\"screen-reader-text\"> de &laquo;&nbsp;Portraits&nbsp;&raquo;<\/span><\/a><\/p>\n","protected":false},"author":1,"featured_media":0,"comment_status":"open","ping_status":"open","sticky":false,"template":"","format":"standard","meta":{"footnotes":""},"categories":[15],"tags":[],"jetpack_featured_media_url":"","_links":{"self":[{"href":"https:\/\/lafillerenne.fr\/blog\/wp-json\/wp\/v2\/posts\/655"}],"collection":[{"href":"https:\/\/lafillerenne.fr\/blog\/wp-json\/wp\/v2\/posts"}],"about":[{"href":"https:\/\/lafillerenne.fr\/blog\/wp-json\/wp\/v2\/types\/post"}],"author":[{"embeddable":true,"href":"https:\/\/lafillerenne.fr\/blog\/wp-json\/wp\/v2\/users\/1"}],"replies":[{"embeddable":true,"href":"https:\/\/lafillerenne.fr\/blog\/wp-json\/wp\/v2\/comments?post=655"}],"version-history":[{"count":0,"href":"https:\/\/lafillerenne.fr\/blog\/wp-json\/wp\/v2\/posts\/655\/revisions"}],"wp:attachment":[{"href":"https:\/\/lafillerenne.fr\/blog\/wp-json\/wp\/v2\/media?parent=655"}],"wp:term":[{"taxonomy":"category","embeddable":true,"href":"https:\/\/lafillerenne.fr\/blog\/wp-json\/wp\/v2\/categories?post=655"},{"taxonomy":"post_tag","embeddable":true,"href":"https:\/\/lafillerenne.fr\/blog\/wp-json\/wp\/v2\/tags?post=655"}],"curies":[{"name":"wp","href":"https:\/\/api.w.org\/{rel}","templated":true}]}}