{"id":786,"date":"2014-10-04T20:33:00","date_gmt":"2014-10-04T18:33:00","guid":{"rendered":""},"modified":"2018-11-06T19:06:12","modified_gmt":"2018-11-06T18:06:12","slug":"786","status":"publish","type":"post","link":"https:\/\/lafillerenne.fr\/blog\/786\/","title":{"rendered":"Exposition &#8220;Soft skins&#8221;"},"content":{"rendered":"<p><img decoding=\"async\" src=\"\/blog\/wp-content\/uploads\/o\/affiche650.jpg\" alt=\"\" \/><\/p>\n<p>Du 15 octobre au 14 novembre j&#8217;organise ma premi\u00e8re exposition <em>Soft skins<\/em>, au Bric \u00e0 Brac, \u00e0 Montpellier. Avec au menu des portraits croqu\u00e9s \u00e0 l&#8217;argentique. Je serai pr\u00e9sente le 15 et j&#8217;esp\u00e8re vous y voir nombreux.<\/p>\n","protected":false},"excerpt":{"rendered":"<p>Du 15 octobre au 14 novembre j&#8217;organise ma premi\u00e8re exposition Soft skins, au Bric \u00e0 Brac, \u00e0 Montpellier. Avec au menu des portraits croqu\u00e9s \u00e0 l&#8217;argentique. Je serai pr\u00e9sente le 15 et j&#8217;esp\u00e8re vous y voir nombreux.<\/p>\n","protected":false},"author":1,"featured_media":0,"comment_status":"open","ping_status":"open","sticky":false,"template":"","format":"standard","meta":{"footnotes":""},"categories":[27],"tags":[],"jetpack_featured_media_url":"","_links":{"self":[{"href":"https:\/\/lafillerenne.fr\/blog\/wp-json\/wp\/v2\/posts\/786"}],"collection":[{"href":"https:\/\/lafillerenne.fr\/blog\/wp-json\/wp\/v2\/posts"}],"about":[{"href":"https:\/\/lafillerenne.fr\/blog\/wp-json\/wp\/v2\/types\/post"}],"author":[{"embeddable":true,"href":"https:\/\/lafillerenne.fr\/blog\/wp-json\/wp\/v2\/users\/1"}],"replies":[{"embeddable":true,"href":"https:\/\/lafillerenne.fr\/blog\/wp-json\/wp\/v2\/comments?post=786"}],"version-history":[{"count":1,"href":"https:\/\/lafillerenne.fr\/blog\/wp-json\/wp\/v2\/posts\/786\/revisions"}],"predecessor-version":[{"id":1752,"href":"https:\/\/lafillerenne.fr\/blog\/wp-json\/wp\/v2\/posts\/786\/revisions\/1752"}],"wp:attachment":[{"href":"https:\/\/lafillerenne.fr\/blog\/wp-json\/wp\/v2\/media?parent=786"}],"wp:term":[{"taxonomy":"category","embeddable":true,"href":"https:\/\/lafillerenne.fr\/blog\/wp-json\/wp\/v2\/categories?post=786"},{"taxonomy":"post_tag","embeddable":true,"href":"https:\/\/lafillerenne.fr\/blog\/wp-json\/wp\/v2\/tags?post=786"}],"curies":[{"name":"wp","href":"https:\/\/api.w.org\/{rel}","templated":true}]}}